{"id":1622,"date":"2026-03-16T17:11:08","date_gmt":"2026-03-16T16:11:08","guid":{"rendered":"https:\/\/thinex.tech\/el-futur-del-smart-packaging-connectant-productes-marques-i-consumidors\/"},"modified":"2026-03-17T08:54:15","modified_gmt":"2026-03-17T07:54:15","slug":"el-futur-del-smart-packaging-connectant-productes-marques-i-consumidors","status":"publish","type":"post","link":"https:\/\/thinex.tech\/ca\/el-futur-del-smart-packaging-connectant-productes-marques-i-consumidors\/","title":{"rendered":"El futur del Smart Packaging: connectant productes, marques i consumidors"},"content":{"rendered":"\n<div class=\"wp-block-cover alignfull has-primary-color has-text-color has-link-color wp-elements-437c4c5f81ee3bb95f15d67341d9ea20\" style=\"min-height:150px;aspect-ratio:unset;\"><span aria-hidden=\"true\" class=\"wp-block-cover__background has-primary-background-color has-background-dim-100 has-background-dim\"><\/span><div class=\"wp-block-cover__inner-container is-layout-constrained wp-block-cover-is-layout-constrained\">\n<p><\/p>\n<\/div><\/div>\n\n<div class=\"wp-block-columns is-layout-flex wp-container-core-columns-is-layout-9d6595d7 wp-block-columns-is-layout-flex\">\n<div class=\"wp-block-column is-layout-flow wp-block-column-is-layout-flow\" style=\"flex-basis:15%\"><\/div>\n\n\n\n<div class=\"wp-block-column is-layout-flow wp-block-column-is-layout-flow\" style=\"flex-basis:70%\">\n<h1 class=\"wp-block-heading\">El futur del Smart Packaging: connectant productes, marques i consumidors<\/h1>\n\n\n\n<p class=\"style=color: #11478a\">L\u2019env\u00e0s ja no \u00e9s nom\u00e9s una capa protectora \u2014 s\u2019est\u00e0 convertint en una interf\u00edcie connectada i basada en dades entre productes, marques i usuaris. A mesura que les ind\u00fastries acceleren les seves estrat\u00e8gies digitals i de sostenibilitat, el smart packaging es consolida com una de les aplicacions amb m\u00e9s creixement i impacte dins l\u2019electr\u00f2nica impresa. <\/p>\n\n\n\n<p>El que abans era est\u00e0tic ara \u00e9s interactiu. El que abans nom\u00e9s contenia, ara \u00e9s capa\u00e7 de comunicar. Gr\u00e0cies a les tecnologies RFID i NFC impreses, l\u2019env\u00e0s pot emmagatzemar, transmetre i generar informaci\u00f3 valuosa al llarg de tot el cicle de vida del producte \u2014 des de la fabricaci\u00f3 i la log\u00edstica fins al retail i la interacci\u00f3 postcompra.  <\/p>\n\n\n\n<p class=\"style=color: #11478a\">Aquest canvi est\u00e0 redefinint com les empreses entenen l\u2019env\u00e0s: no com un centre de cost, sin\u00f3 com un actiu estrat\u00e8gic.<\/p>\n\n\n\n<h2 class=\"wp-block-heading\"><strong><strong><strong>De l\u2019env\u00e0s passiu als sistemes connectats<\/strong><\/strong><\/strong><\/h2>\n\n\n\n<p>Tradicionalment, l\u2019env\u00e0s ha tingut un paper funcional: protegir productes, allargar la seva vida \u00fatil i facilitar el transport. Amb el temps tamb\u00e9 es va convertir en una superf\u00edcie de marca. Avui evoluciona de nou \u2014 cap a una capa de sistema connectat.  <\/p>\n\n\n\n<p>El smart packaging integra components electr\u00f2nics impresos com etiquetes RFID i NFC directament en etiquetes o substrats. Aquests elements ultraprims i flexibles permeten que cada env\u00e0s disposi d\u2019una identitat digital \u00fanica. A difer\u00e8ncia dels codis de barres convencionals, les etiquetes connectades es poden llegir sense fil, sense necessitat de l\u00ednia de visi\u00f3 directa i poden contenir dades din\u00e0miques.  <\/p>\n\n\n\n<p>Aix\u00f2 crea avantatges immediats a tota la cadena de valor. Els fabricants obtenen visibilitat en temps real dels fluxos de producte. Els operadors log\u00edstics milloren la precisi\u00f3 d\u2019inventari i la velocitat. El retail redueix p\u00e8rdues i automatitza processos. Els usuaris finals poden accedir a informaci\u00f3 verificada amb un simple smartphone.     <\/p>\n\n\n\n<p>El resultat \u00e9s un ecosistema d\u2019envasos que no nom\u00e9s cont\u00e9 productes \u2014 es comunica amb el m\u00f3n f\u00edsic i digital.<\/p>\n\n\n\n<div style=\"height:20px\" aria-hidden=\"true\" class=\"wp-block-spacer\"><\/div>\n\n\n\n<h2 class=\"wp-block-heading\"><strong><strong><strong>Tra\u00e7abilitat, autenticaci\u00f3 i efici\u00e8ncia operativa<\/strong><\/strong><\/strong><\/h2>\n\n\n\n<p>Un dels principals motors de l\u2019adopci\u00f3 del smart packaging \u00e9s la necessitat creixent de tra\u00e7abilitat i autenticaci\u00f3 del producte. La pressi\u00f3 reguladora, els requisits de reporting de sostenibilitat i la lluita contra la falsificaci\u00f3 impulsen les marques a identificar i rastrejar els productes unitat per unitat. <\/p>\n\n\n\n<p>Les etiquetes RFID i NFC impreses permeten la identificaci\u00f3 a nivell d\u2019unitat de forma escalable. Cada producte pot incorporar un registre digital \u00fanic que suporta el seguiment al llarg de la producci\u00f3, distribuci\u00f3 i retail. Aix\u00f2 \u00e9s especialment rellevant en sectors com el farmac\u00e8utic, l\u2019alimentaci\u00f3, la cosm\u00e8tica i els b\u00e9ns de consum d\u2019alt valor, on la seguretat, el compliment normatiu i l\u2019autenticitat s\u00f3n cr\u00edtics.  <\/p>\n\n\n\n<p>El packaging connectat tamb\u00e9 millora l\u2019efici\u00e8ncia operativa. La lectura automatitzada redueix l\u2019escaneig manual, minimitza l\u2019error hum\u00e0 i accelera les operacions a magatzems i punts de venda. Les smart tags poden suportar passaports digitals de producte, tra\u00e7abilitat per lots i recollida de dades del cicle de vida \u2014 tots elements clau en la transici\u00f3 cap a cadenes de valor m\u00e9s transparents i circulars.  <\/p>\n\n\n\n<p>M\u00e9s enll\u00e0 de la protecci\u00f3 contra la falsificaci\u00f3, l\u2019autenticaci\u00f3 tamb\u00e9 genera confian\u00e7a. Quan els consumidors poden verificar instant\u00e0niament l\u2019origen i la integritat d\u2019un producte, augmenta la credibilitat de la marca. <\/p>\n\n\n\n<h2 class=\"wp-block-heading\"><strong>Sostenibilitat per disseny: el paper de l\u2019electr\u00f2nica impresa<\/strong><\/h2>\n\n\n\n<p>A mesura que el smart packaging creix, la sostenibilitat segueix sent una preocupaci\u00f3 central. Afegir electr\u00f2nica a l\u2019env\u00e0s nom\u00e9s t\u00e9 sentit si est\u00e0 alineat amb principis de disseny circular. Aqu\u00ed \u00e9s on l\u2019electr\u00f2nica impresa \u2014 i espec\u00edficament la fabricaci\u00f3 additiva \u2014 juga un paper cr\u00edtic.  <\/p>\n\n\n\n<p>A difer\u00e8ncia dels components electr\u00f2nics tradicionals, les antenes RFID i NFC impreses es poden produir utilitzant quantitats m\u00ednimes de material, dipositades directament on cal. Aix\u00f2 redueix residus i la complexitat del proc\u00e9s. Quan es combinen amb substrats de paper o reciclables, el resultat \u00e9s una etiqueta intel\u00b7ligent que mant\u00e9 prestacions mentre redueix l\u2019impacte ambiental.  <\/p>\n\n\n\n<p>A Thinex Rotimpres desenvolupem etiquetes RFID i NFC biodegradables i basades en paper dissenyades per integrar-se perfectament en solucions d\u2019envasos sostenibles. Aquestes etiquetes s\u00f3n compatibles amb els fluxos de reciclatge i ajuden les marques a substituir alternatives amb molt pl\u00e0stic per opcions de menor impacte. <\/p>\n\n\n\n<figure class=\"wp-block-image size-full\"><img loading=\"lazy\" decoding=\"async\" width=\"2560\" height=\"1707\" src=\"https:\/\/thinex.tech\/wp-content\/uploads\/2026\/03\/0594-1-1-scaled.jpg\" alt=\"\" class=\"wp-image-1617\" srcset=\"https:\/\/thinex.tech\/wp-content\/uploads\/2026\/03\/0594-1-1-scaled.jpg 2560w, https:\/\/thinex.tech\/wp-content\/uploads\/2026\/03\/0594-1-1-300x200.jpg 300w, https:\/\/thinex.tech\/wp-content\/uploads\/2026\/03\/0594-1-1-1024x683.jpg 1024w, https:\/\/thinex.tech\/wp-content\/uploads\/2026\/03\/0594-1-1-768x512.jpg 768w, https:\/\/thinex.tech\/wp-content\/uploads\/2026\/03\/0594-1-1-1536x1024.jpg 1536w, https:\/\/thinex.tech\/wp-content\/uploads\/2026\/03\/0594-1-1-2048x1365.jpg 2048w\" sizes=\"auto, (max-width: 2560px) 100vw, 2560px\" \/><\/figure>\n\n\n\n<div style=\"height:14px\" aria-hidden=\"true\" class=\"wp-block-spacer\"><\/div>\n\n\n\n<p>Aquest enfocament permet a les empreses afegir intel\u00b7lig\u00e8ncia i connectivitat sense comprometre els seus objectius ESG i de circularitat. Intel\u00b7ligent i sostenible ja no s\u00f3n objectius oposats \u2014 poden dissenyar-se conjuntament. <\/p>\n\n\n\n<h2 class=\"wp-block-heading\"><strong><strong><strong><strong>Smart packaging com a avantatge competitiu<\/strong><\/strong><\/strong><\/strong><\/h2>\n\n\n\n<p>El que va comen\u00e7ar com una innovaci\u00f3 tecnol\u00f2gica s\u2019est\u00e0 convertint r\u00e0pidament en un factor de diferenciaci\u00f3 competitiva. Les empreses que adopten packaging connectat obtenen major visibilitat, millor protecci\u00f3, m\u00e9s efici\u00e8ncia operativa i una interacci\u00f3 m\u00e9s rica amb el client. <\/p>\n\n\n\n<p>L\u2019electr\u00f2nica impresa fa que aquest canvi sigui escalable. Les etiquetes ultrafines, flexibles i eficients en cost es poden integrar en formats d\u2019envasos existents sense redissenys profunds. Els processos d\u2019impressi\u00f3 additiva permeten producci\u00f3 d\u2019alt volum mantenint l\u2019efici\u00e8ncia de materials.  <\/p>\n\n\n\n<p>A Thinex Rotimpres, veiem el smart packaging com un punt de converg\u00e8ncia entre l\u2019electr\u00f2nica impresa, la sostenibilitat i la digitalitzaci\u00f3. Combinant el nostre coneixement avan\u00e7at en impressi\u00f3 amb materials funcionals i processos industrials, ajudem les marques i els fabricants a passar del concepte a solucions d\u2019envasos connectats i desplegables. <\/p>\n\n\n\n<p>Per portar aquestes solucions al mercat a escala industrial, la col\u00b7laboraci\u00f3 dins de l\u2019ecosistema del packaging \u00e9s fonamental. En aquest context, treballem de la m\u00e0 d\u2019especialistes del sector gr\u00e0fic i de l\u2019embalatge, com <a href=\"https:\/\/indugrafgroup.com\/\" target=\"_blank\" rel=\"noopener\"><strong>Indugraf Group<\/strong><\/a>, per explorar com integrar etiquetes intel\u00b7ligents en solucions d\u2019env\u00e0s sostenibles, innovadores i escalables. <\/p>\n\n\n\n<p>El futur de l\u2019envasament no \u00e9s nom\u00e9s intel\u00b7ligent \u2014 \u00e9s connectat, tra\u00e7able i sostenible per disseny. I a mesura que l\u2019adopci\u00f3 s\u2019acceleri, el smart packaging passar\u00e0 d\u2019innovaci\u00f3 a expectativa en els mercats globals. <\/p>\n<\/div>\n\n\n\n<div class=\"wp-block-column is-layout-flow wp-block-column-is-layout-flow\" style=\"flex-basis:15%\"><\/div>\n<\/div>\n\n<div class=\"wp-block-buttons is-content-justification-center is-layout-flex wp-container-core-buttons-is-layout-16018d1d wp-block-buttons-is-layout-flex\">\n<div class=\"wp-block-button\"><a class=\"wp-block-button__link has-primary-color has-secondary-background-color has-text-color has-background has-link-color has-custom-font-size wp-element-button\" href=\"https:\/\/thinex.tech\/ca\/#contacte\" style=\"font-size:20px;font-style:normal;font-weight:700\">Contacta ja amb el nostre equip t\u00e8cnic <\/a><\/div>\n<\/div>\n\n<p><\/p>\n","protected":false},"excerpt":{"rendered":"<p>El futur del Smart Packaging: connectant productes, marques i consumidors L\u2019env\u00e0s ja no \u00e9s nom\u00e9s una capa protectora \u2014 s\u2019est\u00e0 convertint en una interf\u00edcie connectada i basada en dades entre productes, marques i usuaris. A mesura que les ind\u00fastries acceleren les seves estrat\u00e8gies digitals i de sostenibilitat, el smart packaging es consolida com una de [&hellip;]<\/p>\n","protected":false},"author":7,"featured_media":1621,"comment_status":"open","ping_status":"open","sticky":false,"template":"","format":"standard","meta":{"_acf_changed":false,"footnotes":""},"categories":[7],"tags":[],"class_list":["post-1622","post","type-post","status-publish","format-standard","has-post-thumbnail","hentry","category-uncategorized-ca"],"acf":[],"_links":{"self":[{"href":"https:\/\/thinex.tech\/ca\/wp-json\/wp\/v2\/posts\/1622","targetHints":{"allow":["GET"]}}],"collection":[{"href":"https:\/\/thinex.tech\/ca\/wp-json\/wp\/v2\/posts"}],"about":[{"href":"https:\/\/thinex.tech\/ca\/wp-json\/wp\/v2\/types\/post"}],"author":[{"embeddable":true,"href":"https:\/\/thinex.tech\/ca\/wp-json\/wp\/v2\/users\/7"}],"replies":[{"embeddable":true,"href":"https:\/\/thinex.tech\/ca\/wp-json\/wp\/v2\/comments?post=1622"}],"version-history":[{"count":4,"href":"https:\/\/thinex.tech\/ca\/wp-json\/wp\/v2\/posts\/1622\/revisions"}],"predecessor-version":[{"id":1634,"href":"https:\/\/thinex.tech\/ca\/wp-json\/wp\/v2\/posts\/1622\/revisions\/1634"}],"wp:featuredmedia":[{"embeddable":true,"href":"https:\/\/thinex.tech\/ca\/wp-json\/wp\/v2\/media\/1621"}],"wp:attachment":[{"href":"https:\/\/thinex.tech\/ca\/wp-json\/wp\/v2\/media?parent=1622"}],"wp:term":[{"taxonomy":"category","embeddable":true,"href":"https:\/\/thinex.tech\/ca\/wp-json\/wp\/v2\/categories?post=1622"},{"taxonomy":"post_tag","embeddable":true,"href":"https:\/\/thinex.tech\/ca\/wp-json\/wp\/v2\/tags?post=1622"}],"curies":[{"name":"wp","href":"https:\/\/api.w.org\/{rel}","templated":true}]}}