{"id":902,"date":"2025-10-23T05:00:00","date_gmt":"2025-10-23T03:00:00","guid":{"rendered":"https:\/\/thinex.tech\/el-poder-de-lelectronica-impresa\/"},"modified":"2025-10-23T07:15:58","modified_gmt":"2025-10-23T06:15:58","slug":"el-poder-de-lelectronica-impresa","status":"publish","type":"post","link":"https:\/\/thinex.tech\/ca\/el-poder-de-lelectronica-impresa\/","title":{"rendered":"El Poder de l\u2019Electr\u00f2nica Impresa"},"content":{"rendered":"\n<div class=\"wp-block-cover alignfull has-primary-color has-text-color has-link-color wp-elements-437c4c5f81ee3bb95f15d67341d9ea20\" style=\"min-height:150px;aspect-ratio:unset;\"><span aria-hidden=\"true\" class=\"wp-block-cover__background has-primary-background-color has-background-dim-100 has-background-dim\"><\/span><div class=\"wp-block-cover__inner-container is-layout-constrained wp-block-cover-is-layout-constrained\">\n<p><\/p>\n<\/div><\/div>\n\n<div class=\"wp-block-columns is-layout-flex wp-container-core-columns-is-layout-9d6595d7 wp-block-columns-is-layout-flex\">\n<div class=\"wp-block-column is-layout-flow wp-block-column-is-layout-flow\" style=\"flex-basis:15%\"><\/div>\n\n\n\n<div class=\"wp-block-column is-layout-flow wp-block-column-is-layout-flow\" style=\"flex-basis:70%\">\n<h2 class=\"wp-block-heading\"><strong>Transformant la manera com els productes interactuen amb el m\u00f3n<\/strong><\/h2>\n\n\n\n<p class=\"style=color: #11478a\">El m\u00f3n f\u00edsic s\u2019est\u00e0 digitalitzant. Els consumidors esperen que els productes percebin, reaccionin, es connectin i s\u2019adaptin, cosa que impulsa les ind\u00fastries a replantejar-se com creen valor. <\/p>\n\n\n\n<p class=\"style=color: #11478a\"><strong>Al cor d\u2019aquest canvi hi ha la electr\u00f2nica impresa: <\/strong>una capa invisible que integra intel\u00b7lig\u00e8ncia directament a les superf\u00edcies quotidianes. En imprimir materials conductors sobre substrats flexibles com paper, pl\u00e0stic, films o t\u00e8xtils, l\u2019electr\u00f2nica impresa permet crear components ultrafins, lleugers i d\u2019alt rendiment que s\u2019integren perfectament en el seu entorn. <\/p>\n<\/div>\n\n\n\n<div class=\"wp-block-column is-layout-flow wp-block-column-is-layout-flow\" style=\"flex-basis:15%\"><\/div>\n<\/div>\n<div class=\"wp-block-image is-style-default image-align:center;\">\n<figure class=\"aligncenter size-large is-resized\"><img loading=\"lazy\" decoding=\"async\" width=\"1024\" height=\"683\" src=\"https:\/\/thinex.tech\/wp-content\/uploads\/2025\/09\/Calefactor-flexible-fabricado-con-electronica-impresa-1024x683.jpg\" alt=\"M&#xE0; subjectant calefactor flexible fabricat amb electr&#xF2;nica impresa\" class=\"wp-image-733\" style=\"width:auto;height:400px\" srcset=\"https:\/\/thinex.tech\/wp-content\/uploads\/2025\/09\/Calefactor-flexible-fabricado-con-electronica-impresa-1024x683.jpg 1024w, https:\/\/thinex.tech\/wp-content\/uploads\/2025\/09\/Calefactor-flexible-fabricado-con-electronica-impresa-300x200.jpg 300w, https:\/\/thinex.tech\/wp-content\/uploads\/2025\/09\/Calefactor-flexible-fabricado-con-electronica-impresa-768x512.jpg 768w, https:\/\/thinex.tech\/wp-content\/uploads\/2025\/09\/Calefactor-flexible-fabricado-con-electronica-impresa-1536x1024.jpg 1536w, https:\/\/thinex.tech\/wp-content\/uploads\/2025\/09\/Calefactor-flexible-fabricado-con-electronica-impresa-2048x1365.jpg 2048w\" sizes=\"auto, (max-width: 1024px) 100vw, 1024px\" \/><\/figure>\n<\/div>\n<div class=\"wp-block-columns is-layout-flex wp-container-core-columns-is-layout-9d6595d7 wp-block-columns-is-layout-flex\">\n<div class=\"wp-block-column is-layout-flow wp-block-column-is-layout-flow\" style=\"flex-basis:15%\"><\/div>\n\n\n\n<div class=\"wp-block-column is-layout-flow wp-block-column-is-layout-flow\" style=\"flex-basis:70%\">\n<div style=\"height:50px\" aria-hidden=\"true\" class=\"wp-block-spacer\"><\/div>\n\n\n\n<h2 class=\"wp-block-heading\"><strong>La capa invisible que impulsa la innovaci\u00f3 i la sostenibilitat<\/strong><\/h2>\n\n\n\n<p>Actualment, dues forces estan accelerant l\u2019adopci\u00f3 de l\u2019electr\u00f2nica impresa:<\/p>\n\n\n\n<ul class=\"wp-block-list\">\n<li><strong>La demanda de productes m\u00e9s intel\u00b7ligents i connectats<\/strong>. Des de t\u00e8xtils intel\u00b7ligents fins a envasos interactius, l\u2019electr\u00f2nica impresa transforma superf\u00edcies ordin\u00e0ries en interf\u00edcies intel\u00b7ligents, obrint noves formes d\u2019interactuar amb els objectes. <\/li>\n\n\n\n<li><strong>L\u2019urg\u00e8ncia de la sostenibilitat.<\/strong> Les empreses afronten una pressi\u00f3 creixent per reduir residus, disminuir la seva petjada ambiental i adoptar processos de fabricaci\u00f3 m\u00e9s responsables. L\u2019electr\u00f2nica impresa respon a aquest repte amb processos additius que minimitzen l\u2019\u00fas de materials sense comprometre l\u2019efici\u00e8ncia, la durabilitat ni el rendiment. <\/li>\n<\/ul>\n\n\n\n<h2 class=\"wp-block-heading\"><strong><strong>Com l\u2019electr\u00f2nica impresa est\u00e0 redefinint la vida quotidiana<\/strong><\/strong><\/h2>\n\n\n\n<p>Imagina un m\u00f3n on els objectes quotidians responen al seu entorn, anticipen necessitats i es comuniquen sense esfor\u00e7.<\/p>\n\n\n\n<p>Un cartr\u00f3 d\u2019aliments pot indicar quan el contingut ja no \u00e9s fresc, un bolso de luxe pot autenticar-se al moment i els t\u00e8xtils poden adaptar-se a la temperatura, proporcionar confort o monitoritzar la salut. Les superf\u00edcies intel\u00b7ligents detecten el tacte, mentre que els sensors invisibles controlen la integritat estructural, els nivells de l\u00edquids o les condicions ambientals. <\/p>\n\n\n\n<p><strong>L\u2019electr\u00f2nica impresa impulsa silenciosament aquesta transformaci\u00f3,<\/strong> convertint productes ordin\u00e0ries en solucions intel\u00b7ligents i interactives que milloren tant la vida di\u00e0ria com els processos industrials. <strong>Difumina els l\u00edmits entre el digital i el f\u00edsic, convertint els objectes quotidians en punts d\u2019interacci\u00f3.<\/strong><\/p>\n<\/div>\n\n\n\n<div class=\"wp-block-column is-layout-flow wp-block-column-is-layout-flow\" style=\"flex-basis:15%\"><\/div>\n<\/div>\n<div class=\"wp-block-image image-align:center;\">\n<figure class=\"aligncenter size-large is-resized\"><img loading=\"lazy\" decoding=\"async\" width=\"1024\" height=\"683\" src=\"http:\/\/thinex.tech\/wp-content\/uploads\/2025\/09\/Tecnicos-de-electronica-impresa-1024x683.jpg\" alt=\"T&#xE8;cnics d'electr&#xF2;nica impresa revisant impressi&#xF3;\" class=\"wp-image-734\" style=\"width:auto;height:400px\" srcset=\"https:\/\/thinex.tech\/wp-content\/uploads\/2025\/09\/Tecnicos-de-electronica-impresa-1024x683.jpg 1024w, https:\/\/thinex.tech\/wp-content\/uploads\/2025\/09\/Tecnicos-de-electronica-impresa-300x200.jpg 300w, https:\/\/thinex.tech\/wp-content\/uploads\/2025\/09\/Tecnicos-de-electronica-impresa-768x512.jpg 768w, https:\/\/thinex.tech\/wp-content\/uploads\/2025\/09\/Tecnicos-de-electronica-impresa-1536x1024.jpg 1536w, https:\/\/thinex.tech\/wp-content\/uploads\/2025\/09\/Tecnicos-de-electronica-impresa-2048x1365.jpg 2048w\" sizes=\"auto, (max-width: 1024px) 100vw, 1024px\" \/><\/figure>\n<\/div>\n<div class=\"wp-block-columns is-layout-flex wp-container-core-columns-is-layout-9d6595d7 wp-block-columns-is-layout-flex\">\n<div class=\"wp-block-column is-layout-flow wp-block-column-is-layout-flow\" style=\"flex-basis:15%\"><\/div>\n\n\n\n<div class=\"wp-block-column is-layout-flow wp-block-column-is-layout-flow\" style=\"flex-basis:70%\">\n<div style=\"height:50px\" aria-hidden=\"true\" class=\"wp-block-spacer\"><\/div>\n\n\n\n<h2 class=\"wp-block-heading\"><strong>El proper cap\u00edtol de la innovaci\u00f3 comen\u00e7a aqu\u00ed<\/strong><\/h2>\n\n\n\n<p><strong>A Thinex Rotimpres, donem vida a les idees.<\/strong> Des de la primera espurna fins a solucions completament llestes per al mercat, co-creem aplicacions d\u2019electr\u00f2nica impresa que s\u00f3n innovadores, d\u2019alt rendiment i sostenibles, adaptades a les necessitats de cada client.<\/p>\n\n\n\n<p>L\u2019electr\u00f2nica impresa no \u00e9s nom\u00e9s una tecnologia: <strong>\u00e9s un canvi de paradigma<\/strong> que redefineix com els productes comuniquen, protegeixen i interactuen.<\/p>\n\n\n\n<p>Amb Thinex Rotimpres el futur ja s\u2019est\u00e0 imprimint. <\/p>\n\n\n\n<p>Descobreix com Thinex Rotimpres et pot ajudar a innovar de manera responsable<\/p>\n\n\n\n<div class=\"wp-block-buttons is-content-justification-center is-layout-flex wp-container-core-buttons-is-layout-16018d1d wp-block-buttons-is-layout-flex\">\n<div class=\"wp-block-button\"><a class=\"wp-block-button__link has-primary-color has-secondary-background-color has-text-color has-background has-link-color has-custom-font-size wp-element-button\" href=\"https:\/\/thinex.tech\/#contacto\" style=\"font-size:20px;font-style:normal;font-weight:700\">Contacta ja amb el nostre t\u00e8cnic<\/a><\/div>\n<\/div>\n\n\n<div class=\"wp-block-post-author\"><div class=\"wp-block-post-author__avatar\"><img alt='' src='https:\/\/secure.gravatar.com\/avatar\/07774af611485bf8885efd4217b03e234909883e590e5c986144e1b2164e0156?s=48&#038;d=mm&#038;r=g' srcset='https:\/\/secure.gravatar.com\/avatar\/07774af611485bf8885efd4217b03e234909883e590e5c986144e1b2164e0156?s=96&#038;d=mm&#038;r=g 2x' class='avatar avatar-48 photo' height='48' width='48' \/><\/div><div class=\"wp-block-post-author__content\"><p class=\"wp-block-post-author__name\">Marc Vizern<\/p><p class=\"wp-block-post-author__bio\"><\/p><\/div><\/div>\n\n<div class=\"wp-block-post-date\"><time datetime=\"2025-10-23T05:00:00+02:00\">23 d&#8217;octubre de 2025<\/time><\/div><\/div>\n\n\n\n<div class=\"wp-block-column is-layout-flow wp-block-column-is-layout-flow\" style=\"flex-basis:15%\"><\/div>\n<\/div>\n\n<div style=\"height:100px\" aria-hidden=\"true\" class=\"wp-block-spacer\"><\/div>\n","protected":false},"excerpt":{"rendered":"<p>Transformant la manera com els productes interactuen amb el m\u00f3n El m\u00f3n f\u00edsic s\u2019est\u00e0 digitalitzant. Els consumidors esperen que els productes percebin, reaccionin, es connectin i s\u2019adaptin, cosa que impulsa les ind\u00fastries a replantejar-se com creen valor. Al cor d\u2019aquest canvi hi ha la electr\u00f2nica impresa: una capa invisible que integra intel\u00b7lig\u00e8ncia directament a les [&hellip;]<\/p>\n","protected":false},"author":4,"featured_media":901,"comment_status":"open","ping_status":"open","sticky":false,"template":"","format":"standard","meta":{"_acf_changed":false,"footnotes":""},"categories":[69],"tags":[],"class_list":["post-902","post","type-post","status-publish","format-standard","has-post-thumbnail","hentry","category-electronica-impresa"],"acf":[],"_links":{"self":[{"href":"https:\/\/thinex.tech\/ca\/wp-json\/wp\/v2\/posts\/902","targetHints":{"allow":["GET"]}}],"collection":[{"href":"https:\/\/thinex.tech\/ca\/wp-json\/wp\/v2\/posts"}],"about":[{"href":"https:\/\/thinex.tech\/ca\/wp-json\/wp\/v2\/types\/post"}],"author":[{"embeddable":true,"href":"https:\/\/thinex.tech\/ca\/wp-json\/wp\/v2\/users\/4"}],"replies":[{"embeddable":true,"href":"https:\/\/thinex.tech\/ca\/wp-json\/wp\/v2\/comments?post=902"}],"version-history":[{"count":2,"href":"https:\/\/thinex.tech\/ca\/wp-json\/wp\/v2\/posts\/902\/revisions"}],"predecessor-version":[{"id":913,"href":"https:\/\/thinex.tech\/ca\/wp-json\/wp\/v2\/posts\/902\/revisions\/913"}],"wp:featuredmedia":[{"embeddable":true,"href":"https:\/\/thinex.tech\/ca\/wp-json\/wp\/v2\/media\/901"}],"wp:attachment":[{"href":"https:\/\/thinex.tech\/ca\/wp-json\/wp\/v2\/media?parent=902"}],"wp:term":[{"taxonomy":"category","embeddable":true,"href":"https:\/\/thinex.tech\/ca\/wp-json\/wp\/v2\/categories?post=902"},{"taxonomy":"post_tag","embeddable":true,"href":"https:\/\/thinex.tech\/ca\/wp-json\/wp\/v2\/tags?post=902"}],"curies":[{"name":"wp","href":"https:\/\/api.w.org\/{rel}","templated":true}]}}